{"id":19,"date":"2024-07-01T05:49:03","date_gmt":"2024-07-01T03:49:03","guid":{"rendered":"http:\/\/niewieder.eu\/?p=19"},"modified":"2024-07-01T05:49:03","modified_gmt":"2024-07-01T03:49:03","slug":"schreiben-an-sahra-wagenknecht-bsw-zur-europawahl","status":"publish","type":"post","link":"http:\/\/niewieder.eu\/index.php\/2024\/07\/01\/schreiben-an-sahra-wagenknecht-bsw-zur-europawahl\/","title":{"rendered":"Schreiben an Sahra Wagenknecht, BSW, zur Europawahl"},"content":{"rendered":"\n<p><strong><em>Frank H. Bauer<\/em><\/strong><\/p>\n\n\n\n<p><strong><em>Dipl.-Jur.\/Autor<\/em><\/strong><\/p>\n\n\n\n<p><strong><em>Fahlenbergstr.37<\/em><\/strong><\/p>\n\n\n\n<p><strong><em>12589 Berlin<\/em><\/strong><\/p>\n\n\n\n<p><strong><em>030 64169114<\/em><\/strong><\/p>\n\n\n\n<p><strong><em>0178 8137514<\/em><\/strong><\/p>\n\n\n\n<p><a href=\"mailto:franconaut@msn.com\"><strong><em>franconaut@msn.com<\/em><\/strong><\/a><\/p>\n\n\n\n<p><a href=\"mailto:franconaut@msn.com\"><strong><em>autor.ra@web.de<\/em><\/strong><\/a><\/p>\n\n\n\n<p>Dr. Sahra Wagenknecht, MdB<br>Deutscher Bundestag<br>Platz der Republik<br>11011 Berlin<\/p>\n\n\n\n<p><a href=\"mailto:sahra.wagenknecht@bundestag.de\">sahra.wagenknecht@bundestag.de<\/a><\/p>\n\n\n\n<p>Berlin, den 15. Juni 2024<\/p>\n\n\n\n<p>Liebe Sahra Wagenknecht,<\/p>\n\n\n\n<p>heute wende ich mich an Sie, nachdem ich, angesichts seines letzten Wahl-Desasters, meinem ehemaligen Weggef\u00e4hrten Gregor Gysi einen Brief geschrieben habe, den ich lange vorhatte zu verfassen, dies dann doch immer wieder aufschob\/verwarf (Anlage).<\/p>\n\n\n\n<p>Sie jedenfalls haben das einzig Richtige getan, sich von den ewig gestrigen Utopisten loszul\u00f6sen und linker Politik wieder zu einer realen Perspektive zu verhelfen. Nat\u00fcrlich sind dringend einige Verbesserungen an Ihrer politischen Bewegung vorzunehmen um die Erfolgschancen bei den anstehenden Wahlen deutlich zu erh\u00f6hen und ich gestatte mir, Ihnen dazu einige n\u00fctzliche Hinweise zu geben und Vorschl\u00e4ge zu unterbreiten:<\/p>\n\n\n\n<p>Zun\u00e4chst einmal mu\u00df dringend ein anderer Name her; Personenkult ist nicht angesagt. Schon immer war ich \u00fcberzeugt, da\u00df wir eine Partei \u201eDie Mitte. Deutschlands B\u00fcrgerpartei.\u201c dringend brauchen k\u00f6nnten. Die st\u00e4nde dann links von allen Konzernparteien, von Schwarz \u00fcber Gelb, Rot bis Gr\u00fcn und der AfD; lediglich die Linken, so sie sich denn auf Realpolitik bes\u00e4nnen, st\u00e4nden auf der \u201elinken Seite\u201c.<\/p>\n\n\n\n<p>Gratulation zu Ihrer patriotischen Haltung, die sich dem Jahrhunderte alten humanistischen deutschen Kulturerbe verpflichtet f\u00fchlt, anstatt, wie die Ampel und CDU\/CSU, die ureigenen Interessen der deutschen B\u00fcrger an die USA und ihre Nato sowie die R\u00fcstungskonzerne zu verh\u00f6kern, ihnen immer h\u00f6here Steuern und andere Abgaben abzupressen, um damit ihnen entgegenstehende Ziele zu verfolgen und Kriege zu f\u00fchren. \u201eWar, who is it good for\u2026\u201c<\/p>\n\n\n\n<p>Einen gewichtigen Teil unserer Bev\u00f6lkerung hat die gewissenlose Politik Scholz\u00b4 und seiner Kollaborateure&nbsp; besonders betroffen und getroffen: unsere \u201eAlten\u201c, die zum Teil in die bitterste Armut gesto\u00dfen wurden, kaum noch zu&nbsp; \u00fcberleben in der Lage sind! W\u00e4hrend die rechten Politiker am liebsten 12-J\u00e4hrige, die unser bedauerlich mangelhaftes Bildungssystem so perfekt manipulieren konnte, zur Wahl zulassen w\u00fcrden, scheren sie sich einen Dreck um die berechtigten Interessen der Pension\u00e4re, welche ihre eigenen politischen Ansichten haben und oft, frustriert, gar nicht mehr w\u00e4hlen. Diese gro\u00dfe Gruppe sollten Sie f\u00fcr sich gewinnen und ich zeige Ihnen auf, wie das m\u00f6glich ist! Ob man nun eine eigene Bewegung wie \u201eDie grauen Luchse\u201c ins Leben ruft, oder in den Wahlbezirken lediglich die Pension\u00e4re zu Kaffee und Kuchen einl\u00e4dt und ihnen bei dieser Gelegenheit den Teil des Parteiprogramms vorstellt, dessen Verwirklichung ihre Lage deutlich verbessern w\u00fcrde, ist Ansichtssache. Diese \u00e4u\u00dferst sinnvollen Aktionen jedenfalls, w\u00e4re ich bereit tatkr\u00e4ftig zu unterst\u00fctzen; selbst ostdeutscher \u201eBettelrentner\u201c und mit der Gabe der Rede recht gro\u00dfz\u00fcgig ausgestattet, k\u00f6nnte ich sehr hilfreich sein, zuk\u00fcnftige W\u00e4hler in Scharen zu gewinnen! Die auf diese Personengruppe bezogenen Vorschl\u00e4ge (im Anhang eine erste, m.E. sinnvolle Liste) sollten so bald wie m\u00f6glich propagiert und bereits heute zu politischen Forderungen erhoben werden, mit denen sich B\u00fcrger identifizieren k\u00f6nnen.<\/p>\n\n\n\n<p>Die Asyl- und Einwanderungspolitik der gegenw\u00e4rtigen Regierung zu kritisieren, hat nichts damit zu tun, \u201erechts\u201c zu stehen, sondern ist ein Gebot der Vernunft und Gerechtigkeit gegen\u00fcber den deutschen B\u00fcrgern; die Ausw\u00fcchse der Bevorzugung von Asylanten gegen\u00fcber den Deutschen sind ja \u00f6ffentlich geworden und somit hinl\u00e4nglich bekannt.<\/p>\n\n\n\n<p>Ein weiterer wichtiger Punkt ist Ihre Selbstdarstellung in der \u00d6ffentlichkeit; eine qualit\u00e4ts- und gehaltvolle sowie unterhaltsame Zeitung mit kurzen, pr\u00e4gnanten, nie weitschweifigen, Beitr\u00e4gen, gleich ob auch in gedruckter, oder nur virtueller Form, mu\u00df dringend her! Ganz wichtig ist hier die \u201eWochenendausgabe\u201c mit begeisterndem kulturellem Teil, intelligenten Theater- und Buchkritiken, einem Fortsetzungsroman (hier w\u00fcrde ich einen meiner Abenteuerromane, die DDR-Zeit betreffend, zur Verf\u00fcgung stellen) und nat\u00fcrlich dem w\u00f6chentlichen Feuilleton, das niemand sonst bieten kann. Das k\u00f6nnte ich liefern und habe schon \u00b4mal ein Feuilleton, das Feuilleton betreffend, angeh\u00e4ngt.<\/p>\n\n\n\n<p>Es g\u00e4be noch so viel Wichtiges mehr zu sagen, aber mein Schreiben ist auch so schon zu lang und ich hoffe inst\u00e4ndig, da\u00df Sie selbst es lesen werden. Um dem Vorschub zu leisten, werde ich meine Briefe an Sie und Gregor Gysi \u00f6ffentlich bekannt machen und erwarte, da\u00df diese ihre wohlmeinende Wirkung nicht verfehlen.<\/p>\n\n\n\n<p>Mit herzlichen Gr\u00fc\u00dfen und den besten W\u00fcnschen, bedeutenden Erfolg zu haben, verbleibt Ihr<\/p>\n\n\n\n<figure class=\"wp-block-image size-full\"><img decoding=\"async\" src=\"http:\/\/niewieder.eu\/wp-content\/uploads\/2024\/07\/Unterschrift-FB-1.png\" alt=\"\" class=\"wp-image-20\"\/><\/figure>\n\n\n\n<p>Anlage<\/p>\n\n\n\n<p>Schreiben an Gregor Gysi<\/p>\n\n\n\n<p>Forderungskatalog der Pension\u00e4re<\/p>\n\n\n\n<p>Feuilleton \u00fcber Feuilletons<\/p>\n","protected":false},"excerpt":{"rendered":"<p>Frank H. Bauer Dipl.-Jur.\/Autor Fahlenbergstr.37 12589 Berlin 030 64169114 0178 8137514 franconaut@msn.com autor.ra@web.de Dr. Sahra Wagenknecht, MdBDeutscher BundestagPlatz der Republik11011<\/p>\n","protected":false},"author":2,"featured_media":0,"comment_status":"open","ping_status":"open","sticky":false,"template":"","format":"standard","meta":{"footnotes":""},"categories":[1],"tags":[],"_links":{"self":[{"href":"http:\/\/niewieder.eu\/index.php\/wp-json\/wp\/v2\/posts\/19"}],"collection":[{"href":"http:\/\/niewieder.eu\/index.php\/wp-json\/wp\/v2\/posts"}],"about":[{"href":"http:\/\/niewieder.eu\/index.php\/wp-json\/wp\/v2\/types\/post"}],"author":[{"embeddable":true,"href":"http:\/\/niewieder.eu\/index.php\/wp-json\/wp\/v2\/users\/2"}],"replies":[{"embeddable":true,"href":"http:\/\/niewieder.eu\/index.php\/wp-json\/wp\/v2\/comments?post=19"}],"version-history":[{"count":1,"href":"http:\/\/niewieder.eu\/index.php\/wp-json\/wp\/v2\/posts\/19\/revisions"}],"predecessor-version":[{"id":21,"href":"http:\/\/niewieder.eu\/index.php\/wp-json\/wp\/v2\/posts\/19\/revisions\/21"}],"wp:attachment":[{"href":"http:\/\/niewieder.eu\/index.php\/wp-json\/wp\/v2\/media?parent=19"}],"wp:term":[{"taxonomy":"category","embeddable":true,"href":"http:\/\/niewieder.eu\/index.php\/wp-json\/wp\/v2\/categories?post=19"},{"taxonomy":"post_tag","embeddable":true,"href":"http:\/\/niewieder.eu\/index.php\/wp-json\/wp\/v2\/tags?post=19"}],"curies":[{"name":"wp","href":"https:\/\/api.w.org\/{rel}","templated":true}]}}