{"id":14,"date":"2024-07-01T05:29:07","date_gmt":"2024-07-01T03:29:07","guid":{"rendered":"http:\/\/niewieder.eu\/?p=14"},"modified":"2024-07-01T05:29:07","modified_gmt":"2024-07-01T03:29:07","slug":"schreiben-an-gregor-gysi-die-linke-zur-europawahl-und-sahra-wagenknecht","status":"publish","type":"post","link":"http:\/\/niewieder.eu\/index.php\/2024\/07\/01\/schreiben-an-gregor-gysi-die-linke-zur-europawahl-und-sahra-wagenknecht\/","title":{"rendered":"Schreiben an Gregor Gysi, die Linke, zur Europawahl und Sahra Wagenknecht"},"content":{"rendered":"\n<p><strong><em>Frank H. Bauer<\/em><\/strong><\/p>\n\n\n\n<p><strong><em>Dipl.-Jur.\/Autor<\/em><\/strong><\/p>\n\n\n\n<p><strong><em>Fahlenbergstr.37<\/em><\/strong><\/p>\n\n\n\n<p><strong><em>12589 Berlin<\/em><\/strong><\/p>\n\n\n\n<p><strong><em>030 64169114<\/em><\/strong><\/p>\n\n\n\n<p><strong><em>0178 8137514<\/em><\/strong><\/p>\n\n\n\n<p><a href=\"mailto:franconaut@msn.com\"><strong><em>franconaut@msn.com<\/em><\/strong><\/a><\/p>\n\n\n\n<p><a href=\"mailto:franconaut@msn.com\"><strong><em>autor.ra@web.de<\/em><\/strong><\/a><\/p>\n\n\n\n<p>Gregor Gysi<\/p>\n\n\n\n<p>Gruppe Die Linke im Bundestag<\/p>\n\n\n\n<p>Platz der Republik 1<\/p>\n\n\n\n<p>11011 Berlin<\/p>\n\n\n\n<p><a href=\"mailto:dialog@dielinkebt.de\">dialog@dielinkebt.de<\/a><\/p>\n\n\n\n<p>Berlin, den 14. Juni 2024<\/p>\n\n\n\n<p>Mein lieber Gregor,<\/p>\n\n\n\n<p>ob Du Dich meiner entsinnst, wei\u00df ich nicht, aber an Dich erinnere ich mich aus alten Zeiten; wir haben einmal zu etwa der gleichen Zeit Rechtswissenschaften\/Jura an der Humboldt-Universit\u00e4t studiert und sind uns, als sog. Beststudenten, hin und wieder \u00fcber den Weg gelaufen. Wir waren Genossen der gleichen Partei, ich war dann noch Forschungsstudent im Bereich Rechtsgeschichte\/-philosophie; Du, als Sohn eines ber\u00fchmten und einflu\u00dfreichen Vaters, konntest einen Weg beschreiten, der uns anderen verwehrt war\u2026 \u00dcbrigens habe ich \u00fcber diese Zeit ein umfangreiches Buch (einen Abenteuerroman, unter dem Autoren-Namen Rolf Albers) mit starken autobiographischen Z\u00fcgen verfa\u00dft, \u201eJubel bis zum Koma\u201c (der Titel war die Wahl des Verlages, nicht meine; die w\u00e4re wahrscheinlich \u201eBeh\u00fctet und eingeschr\u00e4nkt\u201c o.\u00e4. gewesen), vielleicht schaust Du \u00b4mal \u00b4rein und liest \u00fcber die Uni-Zeit nach\u2026 Viel sp\u00e4ter war ich dann noch Abgeordneter des letzten SED-Parteitages, habe als Mitglied der Rostocker Delegation den ber\u00fcchtigten Jubel-Jahn in seiner Beschr\u00e4nktheit direkt beobachtet, habe den internen Kampf der Realisten gegen die Stalinisten pers\u00f6nlich miterlebt und bin dann, noch vor der endg\u00fcltigen Einvernahme der DDR, aus der Partei ausgetreten, gegen deren Intoleranz und Beschr\u00e4nktheit ich oftmals gezwungen war, anzuk\u00e4mpfen.<\/p>\n\n\n\n<p>Alte Erinnerungen sind aber nicht der Anla\u00df, aus dem ich mich an Dich wende, sondern Euer Einbruch bei den Europawahlen sowie Deine Haltung zu Sarah Wagenknecht und ihrer neuen Partei, die mir unverst\u00e4ndlich ist und ich nur missbilligen kann. Steht man mit der Verfolgung nationaler Interessen, dem Patriotismus, tats\u00e4chlich rechts? Was sollte, verflucht noch \u00b4mal, f\u00fcr eine deutsche Partei wichtiger sein, als die gerechten Interessen der durchschnittlichen deutschen B\u00fcrger??? Fraktionen wie Schwule und Lesben, Ausl\u00e4nder und Asylanten, Behinderte u.a. Randgruppen der deutschen Gesellschaft, ohne deren berechtigte Belange zu vernachl\u00e4ssigen oder gar zu negieren, d\u00fcrfen sie doch nicht ins Zentrum deutscher Politik gezerrt werden, um von den Grundbed\u00fcrfnissen der Mehrheit der Deutschen abzulenken, als da sind: materielle Sicherheit (Wohlstand), ideelle Sicherheit (Meinungsfreiheit) und pers\u00f6nliche Sicherheit (Schutz vor Gewalt, Korruption und Intrigen). Von der Utopie, die Welt auf Kosten der Deutschen retten zu k\u00f6nnen, solltet Ihr Euch endlich verabschieden. Was Du unter \u201eGlobalisierung\u201c verstehst ist doch nichts als die Verbreitung der amerikanischen Motherfucker-Subkultur, die sich wie Jauche \u00fcber die westliche Welt ergie\u00dft und mit Ihrem fauligen Gestank in die wertvollen National-Kulturen, nicht nur der Deutschen, einsickert, um sie zu verseuchen.<\/p>\n\n\n\n<p>Dann Eure mangelhafte Selbstdarstellung! Nicht nur kl\u00e4glich gef\u00fchrte Interviews, vor allem die langweiligste Zeitung \u201eNeues Deutschland\u201c, schaden Euch konstant. Wo bleiben gehaltvolle kulturelle H\u00f6hepunkte, wo echt Interessantes, Neues? Selbst die Wahrheit ist nur in ansehnlicher Verpackung zu verkaufen; die mitunter weniger intelligente Menschheit hat halt das Bed\u00fcrfnis, neben harten Fakten auch Unterhaltsames zu konsumieren.<\/p>\n\n\n\n<p>In Euren Reihen finden sich nicht nur wohlmeinende Idealisten: ich selbst habe, wie alle meine Verwandten und Bekannten, aufgeh\u00f6rt, die \u201eLinken\u201c zu w\u00e4hlen, nicht nur, weil sie gewissenlose Subjekte wie Gernot Klemm in politische Verantwortung bringt, sondern weil es deutschen B\u00fcrgern zum Hals heraus h\u00e4ngt, Utopisten zu folgen, die noch immer die Proletarier aller L\u00e4nder sch\u00fctzen wollen, anstatt zuerst die lebensnotwendigen Interessen des eigenen Volkes. Wagenknecht sei Dank wurde uns eine neue w\u00e4hlbare Partei geschenkt!<\/p>\n\n\n\n<p>Scholz und seine Ampel-Regierung f\u00fchren einen Stellvertreter-Krieg f\u00fcr die USA und ihre dreimal verfluchte NATO, die schon lange abgeschafft sein sollte, zum Wohle der R\u00fcstungskonzerne auf Kosten der deutschen B\u00fcrger, deren Wohlstand dahinschwindet, die in betr\u00e4chtlichem Ausma\u00df bitterer Armut ausgeliefert werden. Die n\u00e4chsten Wahlen werden ihm und seinen Kollaborateuren die Rechnung pr\u00e4sentieren und Euch eine neue Chance verschaffen, in Euch zu gehen, Euch auf die wahren Werte linker Politik zu besinnen und ein w\u00e4hlbarer B\u00fcndnispartner zu werden.<\/p>\n\n\n\n<p>Es g\u00e4be noch so vieles mehr zu sagen, aber mein Schreiben ist ohnehin schon zu lang geraten.<\/p>\n\n\n\n<p>In der Hoffnung, meine Denkanst\u00f6\u00dfe werden von einem ehemaligen \u201eKampfgef\u00e4hrten\u201c so wohlmeinend aufgenommen, wie sie gemeint sind, verbleibe ich<\/p>\n\n\n\n<p>Mit besten Gr\u00fc\u00dfen<\/p>\n\n\n\n<figure class=\"wp-block-image size-full\"><img decoding=\"async\" src=\"http:\/\/niewieder.eu\/wp-content\/uploads\/2024\/07\/Unterschrift-FB.png\" alt=\"\" class=\"wp-image-15\"\/><\/figure>\n\n\n\n<p>Anlage<\/p>\n\n\n\n<p>Schreiben an Sarah Wagenknecht<\/p>\n","protected":false},"excerpt":{"rendered":"<p>Frank H. Bauer Dipl.-Jur.\/Autor Fahlenbergstr.37 12589 Berlin 030 64169114 0178 8137514 franconaut@msn.com autor.ra@web.de Gregor Gysi Gruppe Die Linke im Bundestag<\/p>\n","protected":false},"author":2,"featured_media":0,"comment_status":"open","ping_status":"open","sticky":false,"template":"","format":"standard","meta":{"footnotes":""},"categories":[1],"tags":[],"_links":{"self":[{"href":"http:\/\/niewieder.eu\/index.php\/wp-json\/wp\/v2\/posts\/14"}],"collection":[{"href":"http:\/\/niewieder.eu\/index.php\/wp-json\/wp\/v2\/posts"}],"about":[{"href":"http:\/\/niewieder.eu\/index.php\/wp-json\/wp\/v2\/types\/post"}],"author":[{"embeddable":true,"href":"http:\/\/niewieder.eu\/index.php\/wp-json\/wp\/v2\/users\/2"}],"replies":[{"embeddable":true,"href":"http:\/\/niewieder.eu\/index.php\/wp-json\/wp\/v2\/comments?post=14"}],"version-history":[{"count":1,"href":"http:\/\/niewieder.eu\/index.php\/wp-json\/wp\/v2\/posts\/14\/revisions"}],"predecessor-version":[{"id":16,"href":"http:\/\/niewieder.eu\/index.php\/wp-json\/wp\/v2\/posts\/14\/revisions\/16"}],"wp:attachment":[{"href":"http:\/\/niewieder.eu\/index.php\/wp-json\/wp\/v2\/media?parent=14"}],"wp:term":[{"taxonomy":"category","embeddable":true,"href":"http:\/\/niewieder.eu\/index.php\/wp-json\/wp\/v2\/categories?post=14"},{"taxonomy":"post_tag","embeddable":true,"href":"http:\/\/niewieder.eu\/index.php\/wp-json\/wp\/v2\/tags?post=14"}],"curies":[{"name":"wp","href":"https:\/\/api.w.org\/{rel}","templated":true}]}}